[{"@context":"https:\/\/schema.org\/","@type":"Article","@id":"https:\/\/www.akvit.cz\/moderni-vec-pro-zeny\/#Article","mainEntityOfPage":"https:\/\/www.akvit.cz\/moderni-vec-pro-zeny\/","headline":"Modern\u00ed v\u011bc pro \u017eeny.","name":"Modern\u00ed v\u011bc pro \u017eeny.","description":"\u017deny a jejich st\u00e1l\u00fd boj s poprs\u00edm. Mu\u017ei ani nev\u011bd\u00ed, jak pro \u017eeny je toto t\u00e9ma aktu\u00e1ln\u00ed. Ka\u017ed\u00fd den si mus\u00ed vybrat ve sv\u00e9m \u0161atn\u00edku dob\u0159e padnouc\u00ed podprsenku, kter\u00e1 se mus\u00ed barvou toto\u017enit s vybran\u00fdm oble\u010den\u00edm. Kdy\u017e se tak nestane je to \u0161patn\u00e9 ne jen pro danou \u017eenu, ale i pro jej\u00ed okol\u00ed. Ano setk\u00e1v\u00e1me se i se \u017eeny, kter\u00e9 toto t\u00e9ma nezaj\u00edm\u00e1 a pak je venku na ulici potk\u00e1te s \u010dernou podprsenkou a na n\u00ed maj\u00ed b\u00edlou halenku, kter\u00e1...","datePublished":"2023-08-21","dateModified":"2023-09-21","author":{"@type":"Person","@id":"https:\/\/www.akvit.cz\/author\/#Person","name":"","url":"https:\/\/www.akvit.cz\/author\/","identifier":1,"image":{"@type":"ImageObject","@id":"https:\/\/secure.gravatar.com\/avatar\/b682f75cb96d085fca5fbc8ca3f08e323444e236f6e6028585b73de81c46f711?s=96&d=mm&r=g","url":"https:\/\/secure.gravatar.com\/avatar\/b682f75cb96d085fca5fbc8ca3f08e323444e236f6e6028585b73de81c46f711?s=96&d=mm&r=g","height":96,"width":96}},"publisher":{"@type":"Organization","name":"akvit.cz","logo":{"@type":"ImageObject","@id":"\/logo.png","url":"\/logo.png","width":600,"height":60}},"image":{"@type":"ImageObject","@id":"https:\/\/www.akvit.cz\/wp-content\/uploads\/pexels-antoni-shkraba-5588346.jpg","url":"https:\/\/www.akvit.cz\/wp-content\/uploads\/pexels-antoni-shkraba-5588346.jpg","height":0,"width":0},"url":"https:\/\/www.akvit.cz\/moderni-vec-pro-zeny\/","about":["Produkty"],"wordCount":446,"articleBody":"   \u017deny a jejich st\u00e1l\u00fd boj s poprs\u00edm. Mu\u017ei ani nev\u011bd\u00ed, jak pro \u017eeny je toto t\u00e9ma aktu\u00e1ln\u00ed. Ka\u017ed\u00fd den si mus\u00ed vybrat ve sv\u00e9m \u0161atn\u00edku dob\u0159e padnouc\u00ed podprsenku, kter\u00e1 se mus\u00ed barvou toto\u017enit s vybran\u00fdm oble\u010den\u00edm. Kdy\u017e se tak nestane je to \u0161patn\u00e9 ne jen pro danou \u017eenu, ale i pro jej\u00ed okol\u00ed. Ano setk\u00e1v\u00e1me se i se \u017eeny, kter\u00e9 toto t\u00e9ma nezaj\u00edm\u00e1 a pak je venku na ulici potk\u00e1te s \u010dernou podprsenkou a na n\u00ed maj\u00ed b\u00edlou halenku, kter\u00e1 je bohu\u017eel pr\u016fhledn\u00e1. N\u011bkdy i siln\u011bj\u0161\u00ed l\u00e1tky neskryj\u00ed jinou barvu. Takov\u00e9 \u017eeny si v\u0161imnete na prvn\u00ed pohled, ano n\u011bkter\u00fdm mu\u017e\u016fm to m\u016f\u017ee p\u0159ij\u00edt p\u011bkn\u00e9, jeliko\u017e jde vid\u011bt v\u00fdrazn\u00e9 poprs\u00ed, ale stylov\u011b to vypad\u00e1 stra\u0161n\u011b. Hlavn\u011b u mlad\u00fdch d\u00edvek je tato varianta velmi \u010dasto vid\u011bna. Ov\u0161em jsou i takov\u00e9 chv\u00edle, kdy si chcete vz\u00edt svou obl\u00edbenou halenku, ale zrovna nenajdete vhodnou podprsenku, kter\u00e1 by se k dan\u00e9 bl\u016fze hodila. V takov\u00fdch p\u0159\u00edpadech m\u00e1me \u0159e\u0161en\u00ed. V dne\u0161n\u00ed dob\u011b existuje spousta mo\u017enost\u00ed jak s t\u00edmto p\u0159\u00edpadem bojovat. N\u011bkdy se to m\u016f\u017ee st\u00e1t, m\u00e1te kr\u00e1sn\u00e9 letn\u00ed \u0161aty, kter\u00e9 maj\u00ed odhalen\u00fd v\u011bt\u0161\u00ed d\u00edl zad, a podprsenka se pod n\u011b rozhodn\u011b nehod\u00ed. Nebo j\u00ed ani v tepl\u00fdch dnech nechcete m\u00edt na sob\u011b. Jen\u017ee bez podprsenky si mohou vyj\u00edt ven pouze \u017eeny, kter\u00e9 maj\u00ed pevn\u00e9 a kr\u00e1sn\u00e9 poprs\u00ed. Matka dvou d\u011bt\u00ed, kter\u00e1 je ur\u010ditou dobu kojila, ur\u010dit\u011b takov\u00e9 poprs\u00ed nem\u00e1. Stejn\u011b tak \u017eeny s v\u011bt\u0161\u00edmi bradavky si nemohou vyj\u00edt ven bez n\u011bjak\u00e9ho \u0159e\u0161en\u00ed. My to \u0159e\u0161en\u00ed pro v\u00e1s m\u00e1me, sly\u0161eli jste u\u017e o p\u00e1sk\u00e1ch na prsa. Nebojte, nen\u00ed to nic stra\u0161n\u00e9ho. A v letn\u00edch dnech v\u00e1m pomohou, abyste se c\u00edtila dob\u0159e i v lehounk\u00fdch pr\u016fhledn\u00fdch \u0161atech. Tyto p\u00e1sky jsou v\u011bt\u0161inou p\u0159\u00edrodn\u00ed ple\u0165ov\u00e9 barvy a tak se kr\u00e1sn\u011b sjednot\u00ed s va\u0161\u00ed poko\u017ekou. Maj\u00ed i velmi dobr\u00e9 schopnosti va\u0161e prsa p\u0159i zdvihnou a vytvo\u0159it tak kr\u00e1sn\u00fd vzhled. Za kter\u00fd se nebudete muset styd\u011bt. P\u00e1sky nejsou invazivn\u00ed, naopak jsou velmi pohodln\u00e9 a prody\u0161n\u00e9. Zamez\u00ed bradavk\u00e1m, aby je n\u011bkdo vid\u011bl, i kdy\u017e je m\u00e1te v pozoru. Rozhodn\u011b se nebojte tento druh podpory prsou vyzkou\u0161et, stoj\u00ed to za to.                                                                                                                                                                                                                                                                                                                                                                                          4.2\/5 - (9 votes)        "},{"@context":"https:\/\/schema.org\/","@type":"BreadcrumbList","itemListElement":[{"@type":"ListItem","position":1,"name":"Modern\u00ed v\u011bc pro \u017eeny.","item":"https:\/\/www.akvit.cz\/moderni-vec-pro-zeny\/#breadcrumbitem"}]}]